{"id":5909,"date":"2020-05-12T18:15:45","date_gmt":"2020-05-12T18:15:45","guid":{"rendered":"https:\/\/cedre-et-charme.fr\/covid-19-ihre-gesundheit-zuerst\/"},"modified":"2022-04-02T21:33:23","modified_gmt":"2022-04-02T21:33:23","slug":"covid-19-ihre-gesundheit-zuerst","status":"publish","type":"post","link":"https:\/\/cedre-et-charme.fr\/de\/covid-19-ihre-gesundheit-zuerst\/","title":{"rendered":"Covid-19: Ihre Gesundheit geht vor!"},"content":{"rendered":"&#13;\n<p>Die Covid-19-Epidemie verlangt von uns allen, darauf zu achten, uns nicht unn\u00f6tig dem Virus auszusetzen.<\/p>&#13;\n&#13;\n<figure class=\"wp-block-image\"><img decoding=\"async\" width=\"1024\" height=\"726\" class=\"wp-image-3015\" src=\"https:\/\/cedre-et-charme.fr\/wp-content\/uploads\/2020\/05\/affiche-coronavirus-1024x726-1-1024x726.png\" alt=\"\" srcset=\"https:\/\/cedre-et-charme.fr\/wp-content\/uploads\/2020\/05\/affiche-coronavirus-1024x726-1-100x71.png 100w, https:\/\/cedre-et-charme.fr\/wp-content\/uploads\/2020\/05\/affiche-coronavirus-1024x726-1-300x213.png 300w, https:\/\/cedre-et-charme.fr\/wp-content\/uploads\/2020\/05\/affiche-coronavirus-1024x726-1-768x545.png 768w, https:\/\/cedre-et-charme.fr\/wp-content\/uploads\/2020\/05\/affiche-coronavirus-1024x726-1.png 1024w\" sizes=\"(max-width: 1024px) 100vw, 1024px\" \/><\/figure>&#13;\n&#13;\n<p>In diesem Zusammenhang garantiert Ihnen C\u00e8dre et Charme zu Ihrem Wohlbefinden und Ihrer Sicherheit wirksame Pr\u00e4ventivma\u00dfnahmen, einwandfreie Sauberkeit und Hygiene, sowohl im Cottage als auch in den G\u00e4stezimmern:<\/p>&#13;\n&#13;\n<ul class=\"wp-block-list\">&#13;\n<li>Reduziertes Team: keine externen Mitwirkenden. Unser Team ist auf Armand und Anne reduziert.<\/li>&#13;\n<li>Kommunikation: Austausch von Informationen und Empfehlungen mit unseren G\u00e4sten.<\/li>&#13;\n<li>Hygiene: Systematische und detaillierte Pflege (T\u00fcrklinken, Schalter etc.) von R\u00e4umen, B\u00e4dern, Gemeinschaftsr\u00e4umen mit entsprechenden Produkten (Desinfektionsmittel).<\/li>&#13;\n<li>Pr\u00e4vention: Bereitstellung von hydroalkoholischem Gel f\u00fcr unsere G\u00e4ste.<\/li>&#13;\n<\/ul>&#13;\n&#13;\n<p>Und speziell f\u00fcr das G\u00e4stehaus:<\/p>&#13;\n&#13;\n<ul class=\"wp-block-list\">&#13;\n<li>Mahlzeiten: individuelles Fr\u00fchst\u00fcck, distanzierte Tische.<\/li>&#13;\n<li>Pool: Zeitfenster f\u00fcr jede G\u00e4stegruppe.<\/li>&#13;\n<\/ul>&#13;\n&#13;\n<p>\u00a0<\/p>&#13;\n&#13;\n<p>Wir hoffen daher, dass Sie Ihren Aufenthalt in aller Ruhe genie\u00dfen und die Sch\u00f6nheit der Touraine erneut genie\u00dfen k\u00f6nnen.<\/p>&#13;\n&#13;\n<p>Bleiben Sie gesund und passen Sie auf Ihre Lieben auf,<\/p>&#13;\n&#13;\n<p>Armand und Anne<\/p>&#13;\n&#13;\n<figure class=\"wp-block-image\"><img decoding=\"async\" width=\"1024\" height=\"768\" class=\"wp-image-3004\" src=\"https:\/\/cedre-et-charme.fr\/wp-content\/uploads\/2020\/05\/IMG_20200506_140656672-1024x768.jpg\" alt=\"\" srcset=\"https:\/\/cedre-et-charme.fr\/wp-content\/uploads\/2020\/05\/IMG_20200506_140656672-100x75.jpg 100w, https:\/\/cedre-et-charme.fr\/wp-content\/uploads\/2020\/05\/IMG_20200506_140656672-300x225.jpg 300w, https:\/\/cedre-et-charme.fr\/wp-content\/uploads\/2020\/05\/IMG_20200506_140656672-768x576.jpg 768w, https:\/\/cedre-et-charme.fr\/wp-content\/uploads\/2020\/05\/IMG_20200506_140656672-1024x768.jpg 1024w\" sizes=\"(max-width: 1024px) 100vw, 1024px\" \/>&#13;\n<figcaption>Eines Tages stieg<\/figcaption>&#13;\n<\/figure>&#13;\n","protected":false},"excerpt":{"rendered":"<p>&#13; Die Covid-19-Epidemie verlangt von uns allen, darauf zu achten, uns nicht unn\u00f6tig dem Virus auszusetzen. &#13; &#13; In diesem Zusammenhang garantiert Ihnen C\u00e8dre et  [&#8230;]<\/p>\n","protected":false},"author":3,"featured_media":5290,"comment_status":"closed","ping_status":"open","sticky":false,"template":"","format":"standard","meta":{"footnotes":""},"categories":[253,161],"tags":[],"class_list":["post-5909","post","type-post","status-publish","format-standard","has-post-thumbnail","hentry","category-startseite","category-unkategorisiert"],"yoast_head":"<!-- This site is optimized with the Yoast SEO plugin v27.4 - https:\/\/yoast.com\/product\/yoast-seo-wordpress\/ -->\n<title>Covid-19: Ihre Gesundheit geht vor! - Maison hotes Cedre et Charme<\/title>\n<meta name=\"robots\" content=\"index, follow, max-snippet:-1, max-image-preview:large, max-video-preview:-1\" \/>\n<link rel=\"canonical\" href=\"https:\/\/cedre-et-charme.fr\/de\/covid-19-ihre-gesundheit-zuerst\/\" \/>\n<meta property=\"og:locale\" content=\"de_DE\" \/>\n<meta property=\"og:type\" content=\"article\" \/>\n<meta property=\"og:title\" content=\"Covid-19: Ihre Gesundheit geht vor! - Maison hotes Cedre et Charme\" \/>\n<meta property=\"og:description\" content=\"&#013; Die Covid-19-Epidemie verlangt von uns allen, darauf zu achten, uns nicht unn\u00f6tig dem Virus auszusetzen. &#013; &#013; In diesem Zusammenhang garantiert Ihnen C\u00e8dre et [...]\" \/>\n<meta property=\"og:url\" content=\"https:\/\/cedre-et-charme.fr\/de\/covid-19-ihre-gesundheit-zuerst\/\" \/>\n<meta property=\"og:site_name\" content=\"Maison hotes Cedre et Charme\" \/>\n<meta property=\"article:publisher\" content=\"https:\/\/www.facebook.com\/cedre.et.charme\/\" \/>\n<meta property=\"article:published_time\" content=\"2020-05-12T18:15:45+00:00\" \/>\n<meta property=\"article:modified_time\" content=\"2022-04-02T21:33:23+00:00\" \/>\n<meta property=\"og:image\" content=\"https:\/\/cedre-et-charme.fr\/wp-content\/uploads\/2020\/05\/affiche-coronavirus-1024x726-1.png\" \/>\n\t<meta property=\"og:image:width\" content=\"1024\" \/>\n\t<meta property=\"og:image:height\" content=\"726\" \/>\n\t<meta property=\"og:image:type\" content=\"image\/png\" \/>\n<meta name=\"author\" content=\"adgm\" \/>\n<script type=\"application\/ld+json\" class=\"yoast-schema-graph\">{\"@context\":\"https:\\\/\\\/schema.org\",\"@graph\":[{\"@type\":\"Article\",\"@id\":\"https:\\\/\\\/cedre-et-charme.fr\\\/de\\\/covid-19-ihre-gesundheit-zuerst\\\/#article\",\"isPartOf\":{\"@id\":\"https:\\\/\\\/cedre-et-charme.fr\\\/de\\\/covid-19-ihre-gesundheit-zuerst\\\/\"},\"author\":{\"name\":\"adgm\",\"@id\":\"https:\\\/\\\/cedre-et-charme.fr\\\/de\\\/#\\\/schema\\\/person\\\/4f2e1adc7810c4c5e3de0af8336f61fb\"},\"headline\":\"Covid-19: Ihre Gesundheit geht vor!\",\"datePublished\":\"2020-05-12T18:15:45+00:00\",\"dateModified\":\"2022-04-02T21:33:23+00:00\",\"mainEntityOfPage\":{\"@id\":\"https:\\\/\\\/cedre-et-charme.fr\\\/de\\\/covid-19-ihre-gesundheit-zuerst\\\/\"},\"wordCount\":168,\"image\":{\"@id\":\"https:\\\/\\\/cedre-et-charme.fr\\\/de\\\/covid-19-ihre-gesundheit-zuerst\\\/#primaryimage\"},\"thumbnailUrl\":\"https:\\\/\\\/cedre-et-charme.fr\\\/wp-content\\\/uploads\\\/2020\\\/05\\\/affiche-coronavirus-1024x726-1.png\",\"articleSection\":[\"Startseite\",\"Unkategorisiert\"],\"inLanguage\":\"de\"},{\"@type\":\"WebPage\",\"@id\":\"https:\\\/\\\/cedre-et-charme.fr\\\/de\\\/covid-19-ihre-gesundheit-zuerst\\\/\",\"url\":\"https:\\\/\\\/cedre-et-charme.fr\\\/de\\\/covid-19-ihre-gesundheit-zuerst\\\/\",\"name\":\"Covid-19: Ihre Gesundheit geht vor! - Maison hotes Cedre et Charme\",\"isPartOf\":{\"@id\":\"https:\\\/\\\/cedre-et-charme.fr\\\/de\\\/#website\"},\"primaryImageOfPage\":{\"@id\":\"https:\\\/\\\/cedre-et-charme.fr\\\/de\\\/covid-19-ihre-gesundheit-zuerst\\\/#primaryimage\"},\"image\":{\"@id\":\"https:\\\/\\\/cedre-et-charme.fr\\\/de\\\/covid-19-ihre-gesundheit-zuerst\\\/#primaryimage\"},\"thumbnailUrl\":\"https:\\\/\\\/cedre-et-charme.fr\\\/wp-content\\\/uploads\\\/2020\\\/05\\\/affiche-coronavirus-1024x726-1.png\",\"datePublished\":\"2020-05-12T18:15:45+00:00\",\"dateModified\":\"2022-04-02T21:33:23+00:00\",\"author\":{\"@id\":\"https:\\\/\\\/cedre-et-charme.fr\\\/de\\\/#\\\/schema\\\/person\\\/4f2e1adc7810c4c5e3de0af8336f61fb\"},\"breadcrumb\":{\"@id\":\"https:\\\/\\\/cedre-et-charme.fr\\\/de\\\/covid-19-ihre-gesundheit-zuerst\\\/#breadcrumb\"},\"inLanguage\":\"de\",\"potentialAction\":[{\"@type\":\"ReadAction\",\"target\":[\"https:\\\/\\\/cedre-et-charme.fr\\\/de\\\/covid-19-ihre-gesundheit-zuerst\\\/\"]}]},{\"@type\":\"ImageObject\",\"inLanguage\":\"de\",\"@id\":\"https:\\\/\\\/cedre-et-charme.fr\\\/de\\\/covid-19-ihre-gesundheit-zuerst\\\/#primaryimage\",\"url\":\"https:\\\/\\\/cedre-et-charme.fr\\\/wp-content\\\/uploads\\\/2020\\\/05\\\/affiche-coronavirus-1024x726-1.png\",\"contentUrl\":\"https:\\\/\\\/cedre-et-charme.fr\\\/wp-content\\\/uploads\\\/2020\\\/05\\\/affiche-coronavirus-1024x726-1.png\",\"width\":1024,\"height\":726,\"caption\":\"Pr\u00e9vention covid\"},{\"@type\":\"BreadcrumbList\",\"@id\":\"https:\\\/\\\/cedre-et-charme.fr\\\/de\\\/covid-19-ihre-gesundheit-zuerst\\\/#breadcrumb\",\"itemListElement\":[{\"@type\":\"ListItem\",\"position\":1,\"name\":\"Home\",\"item\":\"https:\\\/\\\/cedre-et-charme.fr\\\/de\\\/beispielseite\\\/\"},{\"@type\":\"ListItem\",\"position\":2,\"name\":\"Covid-19: Ihre Gesundheit geht vor!\"}]},{\"@type\":\"WebSite\",\"@id\":\"https:\\\/\\\/cedre-et-charme.fr\\\/de\\\/#website\",\"url\":\"https:\\\/\\\/cedre-et-charme.fr\\\/de\\\/\",\"name\":\"Maison hotes Cedre et Charme\",\"description\":\"Chambre d&#039;h\u00f4te en Touraine \\\/ Bed &amp; Breakfast in France Center and Loire Valley\",\"potentialAction\":[{\"@type\":\"SearchAction\",\"target\":{\"@type\":\"EntryPoint\",\"urlTemplate\":\"https:\\\/\\\/cedre-et-charme.fr\\\/de\\\/?s={search_term_string}\"},\"query-input\":{\"@type\":\"PropertyValueSpecification\",\"valueRequired\":true,\"valueName\":\"search_term_string\"}}],\"inLanguage\":\"de\"},{\"@type\":\"Person\",\"@id\":\"https:\\\/\\\/cedre-et-charme.fr\\\/de\\\/#\\\/schema\\\/person\\\/4f2e1adc7810c4c5e3de0af8336f61fb\",\"name\":\"adgm\",\"sameAs\":[\"https:\\\/\\\/cedre-et-charme.fr\"]}]}<\/script>\n<!-- \/ Yoast SEO plugin. -->","yoast_head_json":{"title":"Covid-19: Ihre Gesundheit geht vor! - Maison hotes Cedre et Charme","robots":{"index":"index","follow":"follow","max-snippet":"max-snippet:-1","max-image-preview":"max-image-preview:large","max-video-preview":"max-video-preview:-1"},"canonical":"https:\/\/cedre-et-charme.fr\/de\/covid-19-ihre-gesundheit-zuerst\/","og_locale":"de_DE","og_type":"article","og_title":"Covid-19: Ihre Gesundheit geht vor! - Maison hotes Cedre et Charme","og_description":"&#13; Die Covid-19-Epidemie verlangt von uns allen, darauf zu achten, uns nicht unn\u00f6tig dem Virus auszusetzen. &#13; &#13; In diesem Zusammenhang garantiert Ihnen C\u00e8dre et [...]","og_url":"https:\/\/cedre-et-charme.fr\/de\/covid-19-ihre-gesundheit-zuerst\/","og_site_name":"Maison hotes Cedre et Charme","article_publisher":"https:\/\/www.facebook.com\/cedre.et.charme\/","article_published_time":"2020-05-12T18:15:45+00:00","article_modified_time":"2022-04-02T21:33:23+00:00","og_image":[{"width":1024,"height":726,"url":"https:\/\/cedre-et-charme.fr\/wp-content\/uploads\/2020\/05\/affiche-coronavirus-1024x726-1.png","type":"image\/png"}],"author":"adgm","schema":{"@context":"https:\/\/schema.org","@graph":[{"@type":"Article","@id":"https:\/\/cedre-et-charme.fr\/de\/covid-19-ihre-gesundheit-zuerst\/#article","isPartOf":{"@id":"https:\/\/cedre-et-charme.fr\/de\/covid-19-ihre-gesundheit-zuerst\/"},"author":{"name":"adgm","@id":"https:\/\/cedre-et-charme.fr\/de\/#\/schema\/person\/4f2e1adc7810c4c5e3de0af8336f61fb"},"headline":"Covid-19: Ihre Gesundheit geht vor!","datePublished":"2020-05-12T18:15:45+00:00","dateModified":"2022-04-02T21:33:23+00:00","mainEntityOfPage":{"@id":"https:\/\/cedre-et-charme.fr\/de\/covid-19-ihre-gesundheit-zuerst\/"},"wordCount":168,"image":{"@id":"https:\/\/cedre-et-charme.fr\/de\/covid-19-ihre-gesundheit-zuerst\/#primaryimage"},"thumbnailUrl":"https:\/\/cedre-et-charme.fr\/wp-content\/uploads\/2020\/05\/affiche-coronavirus-1024x726-1.png","articleSection":["Startseite","Unkategorisiert"],"inLanguage":"de"},{"@type":"WebPage","@id":"https:\/\/cedre-et-charme.fr\/de\/covid-19-ihre-gesundheit-zuerst\/","url":"https:\/\/cedre-et-charme.fr\/de\/covid-19-ihre-gesundheit-zuerst\/","name":"Covid-19: Ihre Gesundheit geht vor! - Maison hotes Cedre et Charme","isPartOf":{"@id":"https:\/\/cedre-et-charme.fr\/de\/#website"},"primaryImageOfPage":{"@id":"https:\/\/cedre-et-charme.fr\/de\/covid-19-ihre-gesundheit-zuerst\/#primaryimage"},"image":{"@id":"https:\/\/cedre-et-charme.fr\/de\/covid-19-ihre-gesundheit-zuerst\/#primaryimage"},"thumbnailUrl":"https:\/\/cedre-et-charme.fr\/wp-content\/uploads\/2020\/05\/affiche-coronavirus-1024x726-1.png","datePublished":"2020-05-12T18:15:45+00:00","dateModified":"2022-04-02T21:33:23+00:00","author":{"@id":"https:\/\/cedre-et-charme.fr\/de\/#\/schema\/person\/4f2e1adc7810c4c5e3de0af8336f61fb"},"breadcrumb":{"@id":"https:\/\/cedre-et-charme.fr\/de\/covid-19-ihre-gesundheit-zuerst\/#breadcrumb"},"inLanguage":"de","potentialAction":[{"@type":"ReadAction","target":["https:\/\/cedre-et-charme.fr\/de\/covid-19-ihre-gesundheit-zuerst\/"]}]},{"@type":"ImageObject","inLanguage":"de","@id":"https:\/\/cedre-et-charme.fr\/de\/covid-19-ihre-gesundheit-zuerst\/#primaryimage","url":"https:\/\/cedre-et-charme.fr\/wp-content\/uploads\/2020\/05\/affiche-coronavirus-1024x726-1.png","contentUrl":"https:\/\/cedre-et-charme.fr\/wp-content\/uploads\/2020\/05\/affiche-coronavirus-1024x726-1.png","width":1024,"height":726,"caption":"Pr\u00e9vention covid"},{"@type":"BreadcrumbList","@id":"https:\/\/cedre-et-charme.fr\/de\/covid-19-ihre-gesundheit-zuerst\/#breadcrumb","itemListElement":[{"@type":"ListItem","position":1,"name":"Home","item":"https:\/\/cedre-et-charme.fr\/de\/beispielseite\/"},{"@type":"ListItem","position":2,"name":"Covid-19: Ihre Gesundheit geht vor!"}]},{"@type":"WebSite","@id":"https:\/\/cedre-et-charme.fr\/de\/#website","url":"https:\/\/cedre-et-charme.fr\/de\/","name":"Maison hotes Cedre et Charme","description":"Chambre d&#039;h\u00f4te en Touraine \/ Bed &amp; Breakfast in France Center and Loire Valley","potentialAction":[{"@type":"SearchAction","target":{"@type":"EntryPoint","urlTemplate":"https:\/\/cedre-et-charme.fr\/de\/?s={search_term_string}"},"query-input":{"@type":"PropertyValueSpecification","valueRequired":true,"valueName":"search_term_string"}}],"inLanguage":"de"},{"@type":"Person","@id":"https:\/\/cedre-et-charme.fr\/de\/#\/schema\/person\/4f2e1adc7810c4c5e3de0af8336f61fb","name":"adgm","sameAs":["https:\/\/cedre-et-charme.fr"]}]}},"_links":{"self":[{"href":"https:\/\/cedre-et-charme.fr\/de\/wp-json\/wp\/v2\/posts\/5909","targetHints":{"allow":["GET"]}}],"collection":[{"href":"https:\/\/cedre-et-charme.fr\/de\/wp-json\/wp\/v2\/posts"}],"about":[{"href":"https:\/\/cedre-et-charme.fr\/de\/wp-json\/wp\/v2\/types\/post"}],"author":[{"embeddable":true,"href":"https:\/\/cedre-et-charme.fr\/de\/wp-json\/wp\/v2\/users\/3"}],"replies":[{"embeddable":true,"href":"https:\/\/cedre-et-charme.fr\/de\/wp-json\/wp\/v2\/comments?post=5909"}],"version-history":[{"count":2,"href":"https:\/\/cedre-et-charme.fr\/de\/wp-json\/wp\/v2\/posts\/5909\/revisions"}],"predecessor-version":[{"id":6507,"href":"https:\/\/cedre-et-charme.fr\/de\/wp-json\/wp\/v2\/posts\/5909\/revisions\/6507"}],"wp:featuredmedia":[{"embeddable":true,"href":"https:\/\/cedre-et-charme.fr\/de\/wp-json\/wp\/v2\/media\/5290"}],"wp:attachment":[{"href":"https:\/\/cedre-et-charme.fr\/de\/wp-json\/wp\/v2\/media?parent=5909"}],"wp:term":[{"taxonomy":"category","embeddable":true,"href":"https:\/\/cedre-et-charme.fr\/de\/wp-json\/wp\/v2\/categories?post=5909"},{"taxonomy":"post_tag","embeddable":true,"href":"https:\/\/cedre-et-charme.fr\/de\/wp-json\/wp\/v2\/tags?post=5909"}],"curies":[{"name":"wp","href":"https:\/\/api.w.org\/{rel}","templated":true}]}}