{"id":5892,"date":"2018-08-31T13:22:45","date_gmt":"2018-08-31T13:22:45","guid":{"rendered":"https:\/\/cedre-et-charme.fr\/das-ferienhaus-zeder-und-charme-sanime\/"},"modified":"2022-04-03T11:11:21","modified_gmt":"2022-04-03T11:11:21","slug":"das-ferienhaus-zeder-und-charme-sanime","status":"publish","type":"post","link":"https:\/\/cedre-et-charme.fr\/de\/das-ferienhaus-zeder-und-charme-sanime\/","title":{"rendered":"Das Cottage C\u00e8dre et Charme wird in Bildern lebendig!"},"content":{"rendered":"<p>Hier ist eine Videoanimation, um Ihnen das G\u00eete C\u00e8dre et Charme in einer Minute vorzustellen: sch\u00f6ne Bilder, viel besser als eine gro\u00dfartige Rede ;-)<\/p>\n<div class=\"video-shortcode\"><iframe title=\"G\u00eete C\u00e8dre et Charme\" width=\"1400\" height=\"788\" src=\"https:\/\/www.youtube.com\/embed\/eR4ElOYrmBk?feature=oembed\" frameborder=\"0\" allow=\"accelerometer; autoplay; clipboard-write; encrypted-media; gyroscope; picture-in-picture\" allowfullscreen><\/iframe><\/div>\n<p>Das Video der G\u00eete Les Oiseaux du C\u00e8dre<\/p>\n<p>&nbsp;<\/p>\n<div id=\"attachment_4339\" style=\"width: 1010px\" class=\"wp-caption alignnone\"><a href=\"https:\/\/cedre-et-charme.fr\/wp-content\/uploads\/2022\/03\/Piscine.-Vue-de-la-piscine-vers-le-salon-et-lexterieur-768x576-1.jpg\"><img decoding=\"async\" aria-describedby=\"caption-attachment-4339\" class=\"wp-image-4339\" src=\"https:\/\/cedre-et-charme.fr\/wp-content\/uploads\/2022\/03\/Piscine.-Vue-de-la-piscine-vers-le-salon-et-lexterieur-768x576-1.jpg\" alt=\"Piscine int\u00e9rieure\" width=\"1000\" height=\"750\" srcset=\"https:\/\/cedre-et-charme.fr\/wp-content\/uploads\/2022\/03\/Piscine.-Vue-de-la-piscine-vers-le-salon-et-lexterieur-768x576-1-200x150.jpg 200w, https:\/\/cedre-et-charme.fr\/wp-content\/uploads\/2022\/03\/Piscine.-Vue-de-la-piscine-vers-le-salon-et-lexterieur-768x576-1-300x225.jpg 300w, https:\/\/cedre-et-charme.fr\/wp-content\/uploads\/2022\/03\/Piscine.-Vue-de-la-piscine-vers-le-salon-et-lexterieur-768x576-1-400x300.jpg 400w, https:\/\/cedre-et-charme.fr\/wp-content\/uploads\/2022\/03\/Piscine.-Vue-de-la-piscine-vers-le-salon-et-lexterieur-768x576-1-600x450.jpg 600w, https:\/\/cedre-et-charme.fr\/wp-content\/uploads\/2022\/03\/Piscine.-Vue-de-la-piscine-vers-le-salon-et-lexterieur-768x576-1.jpg 768w\" sizes=\"(max-width: 1000px) 100vw, 1000px\" \/><\/a><p id=\"caption-attachment-4339\" class=\"wp-caption-text\">Hallenbad der H\u00fctte<\/p><\/div>\n","protected":false},"excerpt":{"rendered":"<p>Hier ist eine Videoanimation, um Ihnen das G\u00eete C\u00e8dre et Charme in einer Minute vorzustellen: sch\u00f6ne Bilder, viel besser als eine gro\u00dfartige Rede ;-) Das  [&#8230;]<\/p>\n","protected":false},"author":3,"featured_media":5494,"comment_status":"closed","ping_status":"closed","sticky":false,"template":"","format":"standard","meta":{"footnotes":""},"categories":[395],"tags":[402,396,401],"class_list":["post-5892","post","type-post","status-publish","format-standard","has-post-thumbnail","hentry","category-das-zedern-vogelhaus","tag-animation-de","tag-hutte","tag-video-de"],"yoast_head":"<!-- This site is optimized with the Yoast SEO plugin v27.5 - https:\/\/yoast.com\/product\/yoast-seo-wordpress\/ -->\n<title>Das Cottage C\u00e8dre et Charme wird in Bildern lebendig! - Maison hotes Cedre et Charme<\/title>\n<meta name=\"description\" content=\"Hier ist eine Videoanimation, um Ihnen das G\u00eete C\u00e8dre et Charme in einer Minute vorzustellen: sch\u00f6ne Bilder, viel besser als eine gro\u00dfartige Rede ;-)\" \/>\n<meta name=\"robots\" content=\"index, follow, max-snippet:-1, max-image-preview:large, max-video-preview:-1\" \/>\n<link rel=\"canonical\" href=\"https:\/\/cedre-et-charme.fr\/de\/das-ferienhaus-zeder-und-charme-sanime\/\" \/>\n<meta property=\"og:locale\" content=\"de_DE\" \/>\n<meta property=\"og:type\" content=\"article\" \/>\n<meta property=\"og:title\" content=\"Das Cottage C\u00e8dre et Charme wird in Bildern lebendig! - Maison hotes Cedre et Charme\" \/>\n<meta property=\"og:description\" content=\"Hier ist eine Videoanimation, um Ihnen das G\u00eete C\u00e8dre et Charme in einer Minute vorzustellen: sch\u00f6ne Bilder, viel besser als eine gro\u00dfartige Rede ;-)\" \/>\n<meta property=\"og:url\" content=\"https:\/\/cedre-et-charme.fr\/de\/das-ferienhaus-zeder-und-charme-sanime\/\" \/>\n<meta property=\"og:site_name\" content=\"Maison hotes Cedre et Charme\" \/>\n<meta property=\"article:publisher\" content=\"https:\/\/www.facebook.com\/cedre.et.charme\/\" \/>\n<meta property=\"article:published_time\" content=\"2018-08-31T13:22:45+00:00\" \/>\n<meta property=\"article:modified_time\" content=\"2022-04-03T11:11:21+00:00\" \/>\n<meta property=\"og:image\" content=\"https:\/\/cedre-et-charme.fr\/wp-content\/uploads\/2022\/03\/Chambre-RdC-avec-entree-sdb-768x576-1.jpg\" \/>\n\t<meta property=\"og:image:width\" content=\"768\" \/>\n\t<meta property=\"og:image:height\" content=\"576\" \/>\n\t<meta property=\"og:image:type\" content=\"image\/jpeg\" \/>\n<meta name=\"author\" content=\"adgm\" \/>\n<script type=\"application\/ld+json\" class=\"yoast-schema-graph\">{\"@context\":\"https:\\\/\\\/schema.org\",\"@graph\":[{\"@type\":\"Article\",\"@id\":\"https:\\\/\\\/cedre-et-charme.fr\\\/de\\\/das-ferienhaus-zeder-und-charme-sanime\\\/#article\",\"isPartOf\":{\"@id\":\"https:\\\/\\\/cedre-et-charme.fr\\\/de\\\/das-ferienhaus-zeder-und-charme-sanime\\\/\"},\"author\":{\"name\":\"adgm\",\"@id\":\"https:\\\/\\\/cedre-et-charme.fr\\\/de\\\/#\\\/schema\\\/person\\\/4f2e1adc7810c4c5e3de0af8336f61fb\"},\"headline\":\"Das Cottage C\u00e8dre et Charme wird in Bildern lebendig!\",\"datePublished\":\"2018-08-31T13:22:45+00:00\",\"dateModified\":\"2022-04-03T11:11:21+00:00\",\"mainEntityOfPage\":{\"@id\":\"https:\\\/\\\/cedre-et-charme.fr\\\/de\\\/das-ferienhaus-zeder-und-charme-sanime\\\/\"},\"wordCount\":68,\"image\":{\"@id\":\"https:\\\/\\\/cedre-et-charme.fr\\\/de\\\/das-ferienhaus-zeder-und-charme-sanime\\\/#primaryimage\"},\"thumbnailUrl\":\"https:\\\/\\\/cedre-et-charme.fr\\\/wp-content\\\/uploads\\\/2022\\\/03\\\/Chambre-RdC-avec-entree-sdb-768x576-1.jpg\",\"keywords\":[\"Animation\",\"H\u00fctte\",\"Video\"],\"articleSection\":[\"Das Zedern-Vogelhaus\"],\"inLanguage\":\"de\"},{\"@type\":\"WebPage\",\"@id\":\"https:\\\/\\\/cedre-et-charme.fr\\\/de\\\/das-ferienhaus-zeder-und-charme-sanime\\\/\",\"url\":\"https:\\\/\\\/cedre-et-charme.fr\\\/de\\\/das-ferienhaus-zeder-und-charme-sanime\\\/\",\"name\":\"Das Cottage C\u00e8dre et Charme wird in Bildern lebendig! - Maison hotes Cedre et Charme\",\"isPartOf\":{\"@id\":\"https:\\\/\\\/cedre-et-charme.fr\\\/de\\\/#website\"},\"primaryImageOfPage\":{\"@id\":\"https:\\\/\\\/cedre-et-charme.fr\\\/de\\\/das-ferienhaus-zeder-und-charme-sanime\\\/#primaryimage\"},\"image\":{\"@id\":\"https:\\\/\\\/cedre-et-charme.fr\\\/de\\\/das-ferienhaus-zeder-und-charme-sanime\\\/#primaryimage\"},\"thumbnailUrl\":\"https:\\\/\\\/cedre-et-charme.fr\\\/wp-content\\\/uploads\\\/2022\\\/03\\\/Chambre-RdC-avec-entree-sdb-768x576-1.jpg\",\"datePublished\":\"2018-08-31T13:22:45+00:00\",\"dateModified\":\"2022-04-03T11:11:21+00:00\",\"author\":{\"@id\":\"https:\\\/\\\/cedre-et-charme.fr\\\/de\\\/#\\\/schema\\\/person\\\/4f2e1adc7810c4c5e3de0af8336f61fb\"},\"description\":\"Hier ist eine Videoanimation, um Ihnen das G\u00eete C\u00e8dre et Charme in einer Minute vorzustellen: sch\u00f6ne Bilder, viel besser als eine gro\u00dfartige Rede ;-)\",\"breadcrumb\":{\"@id\":\"https:\\\/\\\/cedre-et-charme.fr\\\/de\\\/das-ferienhaus-zeder-und-charme-sanime\\\/#breadcrumb\"},\"inLanguage\":\"de\",\"potentialAction\":[{\"@type\":\"ReadAction\",\"target\":[\"https:\\\/\\\/cedre-et-charme.fr\\\/de\\\/das-ferienhaus-zeder-und-charme-sanime\\\/\"]}]},{\"@type\":\"ImageObject\",\"inLanguage\":\"de\",\"@id\":\"https:\\\/\\\/cedre-et-charme.fr\\\/de\\\/das-ferienhaus-zeder-und-charme-sanime\\\/#primaryimage\",\"url\":\"https:\\\/\\\/cedre-et-charme.fr\\\/wp-content\\\/uploads\\\/2022\\\/03\\\/Chambre-RdC-avec-entree-sdb-768x576-1.jpg\",\"contentUrl\":\"https:\\\/\\\/cedre-et-charme.fr\\\/wp-content\\\/uploads\\\/2022\\\/03\\\/Chambre-RdC-avec-entree-sdb-768x576-1.jpg\",\"width\":768,\"height\":576,\"caption\":\"Chambre PMR au rez-de chauss\u00e9e du g\u00eete\"},{\"@type\":\"BreadcrumbList\",\"@id\":\"https:\\\/\\\/cedre-et-charme.fr\\\/de\\\/das-ferienhaus-zeder-und-charme-sanime\\\/#breadcrumb\",\"itemListElement\":[{\"@type\":\"ListItem\",\"position\":1,\"name\":\"Home\",\"item\":\"https:\\\/\\\/cedre-et-charme.fr\\\/de\\\/beispielseite\\\/\"},{\"@type\":\"ListItem\",\"position\":2,\"name\":\"Das Cottage C\u00e8dre et Charme wird in Bildern lebendig!\"}]},{\"@type\":\"WebSite\",\"@id\":\"https:\\\/\\\/cedre-et-charme.fr\\\/de\\\/#website\",\"url\":\"https:\\\/\\\/cedre-et-charme.fr\\\/de\\\/\",\"name\":\"Maison hotes Cedre et Charme\",\"description\":\"Chambre d&#039;h\u00f4te en Touraine \\\/ Bed &amp; Breakfast in France Center and Loire Valley\",\"potentialAction\":[{\"@type\":\"SearchAction\",\"target\":{\"@type\":\"EntryPoint\",\"urlTemplate\":\"https:\\\/\\\/cedre-et-charme.fr\\\/de\\\/?s={search_term_string}\"},\"query-input\":{\"@type\":\"PropertyValueSpecification\",\"valueRequired\":true,\"valueName\":\"search_term_string\"}}],\"inLanguage\":\"de\"},{\"@type\":\"Person\",\"@id\":\"https:\\\/\\\/cedre-et-charme.fr\\\/de\\\/#\\\/schema\\\/person\\\/4f2e1adc7810c4c5e3de0af8336f61fb\",\"name\":\"adgm\",\"sameAs\":[\"https:\\\/\\\/cedre-et-charme.fr\"]}]}<\/script>\n<!-- \/ Yoast SEO plugin. -->","yoast_head_json":{"title":"Das Cottage C\u00e8dre et Charme wird in Bildern lebendig! - Maison hotes Cedre et Charme","description":"Hier ist eine Videoanimation, um Ihnen das G\u00eete C\u00e8dre et Charme in einer Minute vorzustellen: sch\u00f6ne Bilder, viel besser als eine gro\u00dfartige Rede ;-)","robots":{"index":"index","follow":"follow","max-snippet":"max-snippet:-1","max-image-preview":"max-image-preview:large","max-video-preview":"max-video-preview:-1"},"canonical":"https:\/\/cedre-et-charme.fr\/de\/das-ferienhaus-zeder-und-charme-sanime\/","og_locale":"de_DE","og_type":"article","og_title":"Das Cottage C\u00e8dre et Charme wird in Bildern lebendig! - Maison hotes Cedre et Charme","og_description":"Hier ist eine Videoanimation, um Ihnen das G\u00eete C\u00e8dre et Charme in einer Minute vorzustellen: sch\u00f6ne Bilder, viel besser als eine gro\u00dfartige Rede ;-)","og_url":"https:\/\/cedre-et-charme.fr\/de\/das-ferienhaus-zeder-und-charme-sanime\/","og_site_name":"Maison hotes Cedre et Charme","article_publisher":"https:\/\/www.facebook.com\/cedre.et.charme\/","article_published_time":"2018-08-31T13:22:45+00:00","article_modified_time":"2022-04-03T11:11:21+00:00","og_image":[{"width":768,"height":576,"url":"https:\/\/cedre-et-charme.fr\/wp-content\/uploads\/2022\/03\/Chambre-RdC-avec-entree-sdb-768x576-1.jpg","type":"image\/jpeg"}],"author":"adgm","schema":{"@context":"https:\/\/schema.org","@graph":[{"@type":"Article","@id":"https:\/\/cedre-et-charme.fr\/de\/das-ferienhaus-zeder-und-charme-sanime\/#article","isPartOf":{"@id":"https:\/\/cedre-et-charme.fr\/de\/das-ferienhaus-zeder-und-charme-sanime\/"},"author":{"name":"adgm","@id":"https:\/\/cedre-et-charme.fr\/de\/#\/schema\/person\/4f2e1adc7810c4c5e3de0af8336f61fb"},"headline":"Das Cottage C\u00e8dre et Charme wird in Bildern lebendig!","datePublished":"2018-08-31T13:22:45+00:00","dateModified":"2022-04-03T11:11:21+00:00","mainEntityOfPage":{"@id":"https:\/\/cedre-et-charme.fr\/de\/das-ferienhaus-zeder-und-charme-sanime\/"},"wordCount":68,"image":{"@id":"https:\/\/cedre-et-charme.fr\/de\/das-ferienhaus-zeder-und-charme-sanime\/#primaryimage"},"thumbnailUrl":"https:\/\/cedre-et-charme.fr\/wp-content\/uploads\/2022\/03\/Chambre-RdC-avec-entree-sdb-768x576-1.jpg","keywords":["Animation","H\u00fctte","Video"],"articleSection":["Das Zedern-Vogelhaus"],"inLanguage":"de"},{"@type":"WebPage","@id":"https:\/\/cedre-et-charme.fr\/de\/das-ferienhaus-zeder-und-charme-sanime\/","url":"https:\/\/cedre-et-charme.fr\/de\/das-ferienhaus-zeder-und-charme-sanime\/","name":"Das Cottage C\u00e8dre et Charme wird in Bildern lebendig! - Maison hotes Cedre et Charme","isPartOf":{"@id":"https:\/\/cedre-et-charme.fr\/de\/#website"},"primaryImageOfPage":{"@id":"https:\/\/cedre-et-charme.fr\/de\/das-ferienhaus-zeder-und-charme-sanime\/#primaryimage"},"image":{"@id":"https:\/\/cedre-et-charme.fr\/de\/das-ferienhaus-zeder-und-charme-sanime\/#primaryimage"},"thumbnailUrl":"https:\/\/cedre-et-charme.fr\/wp-content\/uploads\/2022\/03\/Chambre-RdC-avec-entree-sdb-768x576-1.jpg","datePublished":"2018-08-31T13:22:45+00:00","dateModified":"2022-04-03T11:11:21+00:00","author":{"@id":"https:\/\/cedre-et-charme.fr\/de\/#\/schema\/person\/4f2e1adc7810c4c5e3de0af8336f61fb"},"description":"Hier ist eine Videoanimation, um Ihnen das G\u00eete C\u00e8dre et Charme in einer Minute vorzustellen: sch\u00f6ne Bilder, viel besser als eine gro\u00dfartige Rede ;-)","breadcrumb":{"@id":"https:\/\/cedre-et-charme.fr\/de\/das-ferienhaus-zeder-und-charme-sanime\/#breadcrumb"},"inLanguage":"de","potentialAction":[{"@type":"ReadAction","target":["https:\/\/cedre-et-charme.fr\/de\/das-ferienhaus-zeder-und-charme-sanime\/"]}]},{"@type":"ImageObject","inLanguage":"de","@id":"https:\/\/cedre-et-charme.fr\/de\/das-ferienhaus-zeder-und-charme-sanime\/#primaryimage","url":"https:\/\/cedre-et-charme.fr\/wp-content\/uploads\/2022\/03\/Chambre-RdC-avec-entree-sdb-768x576-1.jpg","contentUrl":"https:\/\/cedre-et-charme.fr\/wp-content\/uploads\/2022\/03\/Chambre-RdC-avec-entree-sdb-768x576-1.jpg","width":768,"height":576,"caption":"Chambre PMR au rez-de chauss\u00e9e du g\u00eete"},{"@type":"BreadcrumbList","@id":"https:\/\/cedre-et-charme.fr\/de\/das-ferienhaus-zeder-und-charme-sanime\/#breadcrumb","itemListElement":[{"@type":"ListItem","position":1,"name":"Home","item":"https:\/\/cedre-et-charme.fr\/de\/beispielseite\/"},{"@type":"ListItem","position":2,"name":"Das Cottage C\u00e8dre et Charme wird in Bildern lebendig!"}]},{"@type":"WebSite","@id":"https:\/\/cedre-et-charme.fr\/de\/#website","url":"https:\/\/cedre-et-charme.fr\/de\/","name":"Maison hotes Cedre et Charme","description":"Chambre d&#039;h\u00f4te en Touraine \/ Bed &amp; Breakfast in France Center and Loire Valley","potentialAction":[{"@type":"SearchAction","target":{"@type":"EntryPoint","urlTemplate":"https:\/\/cedre-et-charme.fr\/de\/?s={search_term_string}"},"query-input":{"@type":"PropertyValueSpecification","valueRequired":true,"valueName":"search_term_string"}}],"inLanguage":"de"},{"@type":"Person","@id":"https:\/\/cedre-et-charme.fr\/de\/#\/schema\/person\/4f2e1adc7810c4c5e3de0af8336f61fb","name":"adgm","sameAs":["https:\/\/cedre-et-charme.fr"]}]}},"_links":{"self":[{"href":"https:\/\/cedre-et-charme.fr\/de\/wp-json\/wp\/v2\/posts\/5892","targetHints":{"allow":["GET"]}}],"collection":[{"href":"https:\/\/cedre-et-charme.fr\/de\/wp-json\/wp\/v2\/posts"}],"about":[{"href":"https:\/\/cedre-et-charme.fr\/de\/wp-json\/wp\/v2\/types\/post"}],"author":[{"embeddable":true,"href":"https:\/\/cedre-et-charme.fr\/de\/wp-json\/wp\/v2\/users\/3"}],"replies":[{"embeddable":true,"href":"https:\/\/cedre-et-charme.fr\/de\/wp-json\/wp\/v2\/comments?post=5892"}],"version-history":[{"count":2,"href":"https:\/\/cedre-et-charme.fr\/de\/wp-json\/wp\/v2\/posts\/5892\/revisions"}],"predecessor-version":[{"id":6551,"href":"https:\/\/cedre-et-charme.fr\/de\/wp-json\/wp\/v2\/posts\/5892\/revisions\/6551"}],"wp:featuredmedia":[{"embeddable":true,"href":"https:\/\/cedre-et-charme.fr\/de\/wp-json\/wp\/v2\/media\/5494"}],"wp:attachment":[{"href":"https:\/\/cedre-et-charme.fr\/de\/wp-json\/wp\/v2\/media?parent=5892"}],"wp:term":[{"taxonomy":"category","embeddable":true,"href":"https:\/\/cedre-et-charme.fr\/de\/wp-json\/wp\/v2\/categories?post=5892"},{"taxonomy":"post_tag","embeddable":true,"href":"https:\/\/cedre-et-charme.fr\/de\/wp-json\/wp\/v2\/tags?post=5892"}],"curies":[{"name":"wp","href":"https:\/\/api.w.org\/{rel}","templated":true}]}}