{"id":5880,"date":"2017-11-14T09:42:04","date_gmt":"2017-11-14T09:42:04","guid":{"rendered":"https:\/\/cedre-et-charme.fr\/alpenveilchen-teppich\/"},"modified":"2022-04-03T14:31:09","modified_gmt":"2022-04-03T14:31:09","slug":"alpenveilchen-teppich","status":"publish","type":"post","link":"https:\/\/cedre-et-charme.fr\/de\/alpenveilchen-teppich\/","title":{"rendered":"Teppich aus Alpenveilchen zur Feier des Herbstes"},"content":{"rendered":"<p>Unter unseren hohen B\u00e4umen bilden die wilden Alpenveilchen im Herbst einen wahren Blumenteppich, wei\u00df und lila, in einer harmonischen Mischung.<\/p>\n<p><a href=\"https:\/\/cedre-et-charme.fr\/wp-content\/uploads\/2017\/11\/C%C3%A8dre-et-Charme-bouquet-de-cyclamens-200ko.jpg\"><img decoding=\"async\" class=\"alignnone size-full wp-image-2392\" src=\"https:\/\/cedre-et-charme.fr\/wp-content\/uploads\/2017\/11\/C%C3%A8dre-et-Charme-bouquet-de-cyclamens-200ko.jpg\" alt=\"Fleurs\"><\/a><\/p>\n<p>Die Bl\u00fcten sind zart und luftig. Man m\u00f6chte darin liegen&#8230; Es scheint, dass es genau so viele von jeder Farbe gibt &#8230;<\/p>\n<p><a href=\"https:\/\/cedre-et-charme.fr\/wp-content\/uploads\/2017\/11\/C%C3%A8dre-et-Charme-Tapis-de-cyclamens-200ko.jpg\"><img decoding=\"async\" class=\"alignnone size-full wp-image-2393\" src=\"https:\/\/cedre-et-charme.fr\/wp-content\/uploads\/2017\/11\/C%C3%A8dre-et-Charme-Tapis-de-cyclamens-200ko.jpg\" alt=\"\"><\/a><\/p>\n","protected":false},"excerpt":{"rendered":"<p>Unter unseren hohen B\u00e4umen bilden die wilden Alpenveilchen im Herbst einen wahren Blumenteppich, wei\u00df und lila, in einer harmonischen Mischung. Die Bl\u00fcten sind zart und  [&#8230;]<\/p>\n","protected":false},"author":3,"featured_media":5130,"comment_status":"closed","ping_status":"open","sticky":false,"template":"","format":"standard","meta":{"footnotes":""},"categories":[178],"tags":[351,352,353],"class_list":["post-5880","post","type-post","status-publish","format-standard","has-post-thumbnail","hentry","category-die-zeder","tag-alpenveilchen","tag-blume","tag-straus"],"yoast_head":"<!-- This site is optimized with the Yoast SEO plugin v27.5 - https:\/\/yoast.com\/product\/yoast-seo-wordpress\/ -->\n<title>Teppich aus Alpenveilchen zur Feier des Herbstes - Maison hotes Cedre et Charme<\/title>\n<meta name=\"description\" content=\"Unter unseren hohen B\u00e4umen bilden die wilden Alpenveilchen im Herbst einen wahren Blumenteppich, wei\u00df und lila, in einer harmonischen Mischung.\" \/>\n<meta name=\"robots\" content=\"index, follow, max-snippet:-1, max-image-preview:large, max-video-preview:-1\" \/>\n<link rel=\"canonical\" href=\"https:\/\/cedre-et-charme.fr\/de\/alpenveilchen-teppich\/\" \/>\n<meta property=\"og:locale\" content=\"de_DE\" \/>\n<meta property=\"og:type\" content=\"article\" \/>\n<meta property=\"og:title\" content=\"Teppich aus Alpenveilchen zur Feier des Herbstes - Maison hotes Cedre et Charme\" \/>\n<meta property=\"og:description\" content=\"Unter unseren hohen B\u00e4umen bilden die wilden Alpenveilchen im Herbst einen wahren Blumenteppich, wei\u00df und lila, in einer harmonischen Mischung.\" \/>\n<meta property=\"og:url\" content=\"https:\/\/cedre-et-charme.fr\/de\/alpenveilchen-teppich\/\" \/>\n<meta property=\"og:site_name\" content=\"Maison hotes Cedre et Charme\" \/>\n<meta property=\"article:publisher\" content=\"https:\/\/www.facebook.com\/cedre.et.charme\/\" \/>\n<meta property=\"article:published_time\" content=\"2017-11-14T09:42:04+00:00\" \/>\n<meta property=\"article:modified_time\" content=\"2022-04-03T14:31:09+00:00\" \/>\n<meta property=\"og:image\" content=\"https:\/\/cedre-et-charme.fr\/wp-content\/uploads\/2017\/11\/C\u00e8dre-et-Charme-bouquet-de-cyclamens-200ko.jpg\" \/>\n\t<meta property=\"og:image:width\" content=\"1024\" \/>\n\t<meta property=\"og:image:height\" content=\"768\" \/>\n\t<meta property=\"og:image:type\" content=\"image\/jpeg\" \/>\n<meta name=\"author\" content=\"adgm\" \/>\n<script type=\"application\/ld+json\" class=\"yoast-schema-graph\">{\"@context\":\"https:\\\/\\\/schema.org\",\"@graph\":[{\"@type\":\"Article\",\"@id\":\"https:\\\/\\\/cedre-et-charme.fr\\\/de\\\/alpenveilchen-teppich\\\/#article\",\"isPartOf\":{\"@id\":\"https:\\\/\\\/cedre-et-charme.fr\\\/de\\\/alpenveilchen-teppich\\\/\"},\"author\":{\"name\":\"adgm\",\"@id\":\"https:\\\/\\\/cedre-et-charme.fr\\\/de\\\/#\\\/schema\\\/person\\\/4f2e1adc7810c4c5e3de0af8336f61fb\"},\"headline\":\"Teppich aus Alpenveilchen zur Feier des Herbstes\",\"datePublished\":\"2017-11-14T09:42:04+00:00\",\"dateModified\":\"2022-04-03T14:31:09+00:00\",\"mainEntityOfPage\":{\"@id\":\"https:\\\/\\\/cedre-et-charme.fr\\\/de\\\/alpenveilchen-teppich\\\/\"},\"wordCount\":51,\"image\":{\"@id\":\"https:\\\/\\\/cedre-et-charme.fr\\\/de\\\/alpenveilchen-teppich\\\/#primaryimage\"},\"thumbnailUrl\":\"https:\\\/\\\/cedre-et-charme.fr\\\/wp-content\\\/uploads\\\/2017\\\/11\\\/C\u00e8dre-et-Charme-bouquet-de-cyclamens-200ko.jpg\",\"keywords\":[\"Alpenveilchen\",\"Blume\",\"Strau\u00df\"],\"articleSection\":[\"Die Zeder\"],\"inLanguage\":\"de\"},{\"@type\":\"WebPage\",\"@id\":\"https:\\\/\\\/cedre-et-charme.fr\\\/de\\\/alpenveilchen-teppich\\\/\",\"url\":\"https:\\\/\\\/cedre-et-charme.fr\\\/de\\\/alpenveilchen-teppich\\\/\",\"name\":\"Teppich aus Alpenveilchen zur Feier des Herbstes - Maison hotes Cedre et Charme\",\"isPartOf\":{\"@id\":\"https:\\\/\\\/cedre-et-charme.fr\\\/de\\\/#website\"},\"primaryImageOfPage\":{\"@id\":\"https:\\\/\\\/cedre-et-charme.fr\\\/de\\\/alpenveilchen-teppich\\\/#primaryimage\"},\"image\":{\"@id\":\"https:\\\/\\\/cedre-et-charme.fr\\\/de\\\/alpenveilchen-teppich\\\/#primaryimage\"},\"thumbnailUrl\":\"https:\\\/\\\/cedre-et-charme.fr\\\/wp-content\\\/uploads\\\/2017\\\/11\\\/C\u00e8dre-et-Charme-bouquet-de-cyclamens-200ko.jpg\",\"datePublished\":\"2017-11-14T09:42:04+00:00\",\"dateModified\":\"2022-04-03T14:31:09+00:00\",\"author\":{\"@id\":\"https:\\\/\\\/cedre-et-charme.fr\\\/de\\\/#\\\/schema\\\/person\\\/4f2e1adc7810c4c5e3de0af8336f61fb\"},\"description\":\"Unter unseren hohen B\u00e4umen bilden die wilden Alpenveilchen im Herbst einen wahren Blumenteppich, wei\u00df und lila, in einer harmonischen Mischung.\",\"breadcrumb\":{\"@id\":\"https:\\\/\\\/cedre-et-charme.fr\\\/de\\\/alpenveilchen-teppich\\\/#breadcrumb\"},\"inLanguage\":\"de\",\"potentialAction\":[{\"@type\":\"ReadAction\",\"target\":[\"https:\\\/\\\/cedre-et-charme.fr\\\/de\\\/alpenveilchen-teppich\\\/\"]}]},{\"@type\":\"ImageObject\",\"inLanguage\":\"de\",\"@id\":\"https:\\\/\\\/cedre-et-charme.fr\\\/de\\\/alpenveilchen-teppich\\\/#primaryimage\",\"url\":\"https:\\\/\\\/cedre-et-charme.fr\\\/wp-content\\\/uploads\\\/2017\\\/11\\\/C\u00e8dre-et-Charme-bouquet-de-cyclamens-200ko.jpg\",\"contentUrl\":\"https:\\\/\\\/cedre-et-charme.fr\\\/wp-content\\\/uploads\\\/2017\\\/11\\\/C\u00e8dre-et-Charme-bouquet-de-cyclamens-200ko.jpg\",\"width\":1024,\"height\":768,\"caption\":\"Cyclamens\"},{\"@type\":\"BreadcrumbList\",\"@id\":\"https:\\\/\\\/cedre-et-charme.fr\\\/de\\\/alpenveilchen-teppich\\\/#breadcrumb\",\"itemListElement\":[{\"@type\":\"ListItem\",\"position\":1,\"name\":\"Home\",\"item\":\"https:\\\/\\\/cedre-et-charme.fr\\\/de\\\/beispielseite\\\/\"},{\"@type\":\"ListItem\",\"position\":2,\"name\":\"Teppich aus Alpenveilchen zur Feier des Herbstes\"}]},{\"@type\":\"WebSite\",\"@id\":\"https:\\\/\\\/cedre-et-charme.fr\\\/de\\\/#website\",\"url\":\"https:\\\/\\\/cedre-et-charme.fr\\\/de\\\/\",\"name\":\"Maison hotes Cedre et Charme\",\"description\":\"Chambre d&#039;h\u00f4te en Touraine \\\/ Bed &amp; Breakfast in France Center and Loire Valley\",\"potentialAction\":[{\"@type\":\"SearchAction\",\"target\":{\"@type\":\"EntryPoint\",\"urlTemplate\":\"https:\\\/\\\/cedre-et-charme.fr\\\/de\\\/?s={search_term_string}\"},\"query-input\":{\"@type\":\"PropertyValueSpecification\",\"valueRequired\":true,\"valueName\":\"search_term_string\"}}],\"inLanguage\":\"de\"},{\"@type\":\"Person\",\"@id\":\"https:\\\/\\\/cedre-et-charme.fr\\\/de\\\/#\\\/schema\\\/person\\\/4f2e1adc7810c4c5e3de0af8336f61fb\",\"name\":\"adgm\",\"sameAs\":[\"https:\\\/\\\/cedre-et-charme.fr\"]}]}<\/script>\n<!-- \/ Yoast SEO plugin. -->","yoast_head_json":{"title":"Teppich aus Alpenveilchen zur Feier des Herbstes - Maison hotes Cedre et Charme","description":"Unter unseren hohen B\u00e4umen bilden die wilden Alpenveilchen im Herbst einen wahren Blumenteppich, wei\u00df und lila, in einer harmonischen Mischung.","robots":{"index":"index","follow":"follow","max-snippet":"max-snippet:-1","max-image-preview":"max-image-preview:large","max-video-preview":"max-video-preview:-1"},"canonical":"https:\/\/cedre-et-charme.fr\/de\/alpenveilchen-teppich\/","og_locale":"de_DE","og_type":"article","og_title":"Teppich aus Alpenveilchen zur Feier des Herbstes - Maison hotes Cedre et Charme","og_description":"Unter unseren hohen B\u00e4umen bilden die wilden Alpenveilchen im Herbst einen wahren Blumenteppich, wei\u00df und lila, in einer harmonischen Mischung.","og_url":"https:\/\/cedre-et-charme.fr\/de\/alpenveilchen-teppich\/","og_site_name":"Maison hotes Cedre et Charme","article_publisher":"https:\/\/www.facebook.com\/cedre.et.charme\/","article_published_time":"2017-11-14T09:42:04+00:00","article_modified_time":"2022-04-03T14:31:09+00:00","og_image":[{"width":1024,"height":768,"url":"https:\/\/cedre-et-charme.fr\/wp-content\/uploads\/2017\/11\/C\u00e8dre-et-Charme-bouquet-de-cyclamens-200ko.jpg","type":"image\/jpeg"}],"author":"adgm","schema":{"@context":"https:\/\/schema.org","@graph":[{"@type":"Article","@id":"https:\/\/cedre-et-charme.fr\/de\/alpenveilchen-teppich\/#article","isPartOf":{"@id":"https:\/\/cedre-et-charme.fr\/de\/alpenveilchen-teppich\/"},"author":{"name":"adgm","@id":"https:\/\/cedre-et-charme.fr\/de\/#\/schema\/person\/4f2e1adc7810c4c5e3de0af8336f61fb"},"headline":"Teppich aus Alpenveilchen zur Feier des Herbstes","datePublished":"2017-11-14T09:42:04+00:00","dateModified":"2022-04-03T14:31:09+00:00","mainEntityOfPage":{"@id":"https:\/\/cedre-et-charme.fr\/de\/alpenveilchen-teppich\/"},"wordCount":51,"image":{"@id":"https:\/\/cedre-et-charme.fr\/de\/alpenveilchen-teppich\/#primaryimage"},"thumbnailUrl":"https:\/\/cedre-et-charme.fr\/wp-content\/uploads\/2017\/11\/C\u00e8dre-et-Charme-bouquet-de-cyclamens-200ko.jpg","keywords":["Alpenveilchen","Blume","Strau\u00df"],"articleSection":["Die Zeder"],"inLanguage":"de"},{"@type":"WebPage","@id":"https:\/\/cedre-et-charme.fr\/de\/alpenveilchen-teppich\/","url":"https:\/\/cedre-et-charme.fr\/de\/alpenveilchen-teppich\/","name":"Teppich aus Alpenveilchen zur Feier des Herbstes - Maison hotes Cedre et Charme","isPartOf":{"@id":"https:\/\/cedre-et-charme.fr\/de\/#website"},"primaryImageOfPage":{"@id":"https:\/\/cedre-et-charme.fr\/de\/alpenveilchen-teppich\/#primaryimage"},"image":{"@id":"https:\/\/cedre-et-charme.fr\/de\/alpenveilchen-teppich\/#primaryimage"},"thumbnailUrl":"https:\/\/cedre-et-charme.fr\/wp-content\/uploads\/2017\/11\/C\u00e8dre-et-Charme-bouquet-de-cyclamens-200ko.jpg","datePublished":"2017-11-14T09:42:04+00:00","dateModified":"2022-04-03T14:31:09+00:00","author":{"@id":"https:\/\/cedre-et-charme.fr\/de\/#\/schema\/person\/4f2e1adc7810c4c5e3de0af8336f61fb"},"description":"Unter unseren hohen B\u00e4umen bilden die wilden Alpenveilchen im Herbst einen wahren Blumenteppich, wei\u00df und lila, in einer harmonischen Mischung.","breadcrumb":{"@id":"https:\/\/cedre-et-charme.fr\/de\/alpenveilchen-teppich\/#breadcrumb"},"inLanguage":"de","potentialAction":[{"@type":"ReadAction","target":["https:\/\/cedre-et-charme.fr\/de\/alpenveilchen-teppich\/"]}]},{"@type":"ImageObject","inLanguage":"de","@id":"https:\/\/cedre-et-charme.fr\/de\/alpenveilchen-teppich\/#primaryimage","url":"https:\/\/cedre-et-charme.fr\/wp-content\/uploads\/2017\/11\/C\u00e8dre-et-Charme-bouquet-de-cyclamens-200ko.jpg","contentUrl":"https:\/\/cedre-et-charme.fr\/wp-content\/uploads\/2017\/11\/C\u00e8dre-et-Charme-bouquet-de-cyclamens-200ko.jpg","width":1024,"height":768,"caption":"Cyclamens"},{"@type":"BreadcrumbList","@id":"https:\/\/cedre-et-charme.fr\/de\/alpenveilchen-teppich\/#breadcrumb","itemListElement":[{"@type":"ListItem","position":1,"name":"Home","item":"https:\/\/cedre-et-charme.fr\/de\/beispielseite\/"},{"@type":"ListItem","position":2,"name":"Teppich aus Alpenveilchen zur Feier des Herbstes"}]},{"@type":"WebSite","@id":"https:\/\/cedre-et-charme.fr\/de\/#website","url":"https:\/\/cedre-et-charme.fr\/de\/","name":"Maison hotes Cedre et Charme","description":"Chambre d&#039;h\u00f4te en Touraine \/ Bed &amp; Breakfast in France Center and Loire Valley","potentialAction":[{"@type":"SearchAction","target":{"@type":"EntryPoint","urlTemplate":"https:\/\/cedre-et-charme.fr\/de\/?s={search_term_string}"},"query-input":{"@type":"PropertyValueSpecification","valueRequired":true,"valueName":"search_term_string"}}],"inLanguage":"de"},{"@type":"Person","@id":"https:\/\/cedre-et-charme.fr\/de\/#\/schema\/person\/4f2e1adc7810c4c5e3de0af8336f61fb","name":"adgm","sameAs":["https:\/\/cedre-et-charme.fr"]}]}},"_links":{"self":[{"href":"https:\/\/cedre-et-charme.fr\/de\/wp-json\/wp\/v2\/posts\/5880","targetHints":{"allow":["GET"]}}],"collection":[{"href":"https:\/\/cedre-et-charme.fr\/de\/wp-json\/wp\/v2\/posts"}],"about":[{"href":"https:\/\/cedre-et-charme.fr\/de\/wp-json\/wp\/v2\/types\/post"}],"author":[{"embeddable":true,"href":"https:\/\/cedre-et-charme.fr\/de\/wp-json\/wp\/v2\/users\/3"}],"replies":[{"embeddable":true,"href":"https:\/\/cedre-et-charme.fr\/de\/wp-json\/wp\/v2\/comments?post=5880"}],"version-history":[{"count":1,"href":"https:\/\/cedre-et-charme.fr\/de\/wp-json\/wp\/v2\/posts\/5880\/revisions"}],"predecessor-version":[{"id":6649,"href":"https:\/\/cedre-et-charme.fr\/de\/wp-json\/wp\/v2\/posts\/5880\/revisions\/6649"}],"wp:featuredmedia":[{"embeddable":true,"href":"https:\/\/cedre-et-charme.fr\/de\/wp-json\/wp\/v2\/media\/5130"}],"wp:attachment":[{"href":"https:\/\/cedre-et-charme.fr\/de\/wp-json\/wp\/v2\/media?parent=5880"}],"wp:term":[{"taxonomy":"category","embeddable":true,"href":"https:\/\/cedre-et-charme.fr\/de\/wp-json\/wp\/v2\/categories?post=5880"},{"taxonomy":"post_tag","embeddable":true,"href":"https:\/\/cedre-et-charme.fr\/de\/wp-json\/wp\/v2\/tags?post=5880"}],"curies":[{"name":"wp","href":"https:\/\/api.w.org\/{rel}","templated":true}]}}